{"id":473252,"date":"2026-09-05T07:05:14","date_gmt":"2026-09-05T11:05:14","guid":{"rendered":"https:\/\/primermomento.com\/?p=473252"},"modified":"2026-09-05T13:11:24","modified_gmt":"2026-09-05T17:11:24","slug":"iran-denuncia-ataque-estadounidense-contra-petrolero-en-ormuz","status":"publish","type":"post","link":"https:\/\/primermomento.com\/?p=473252","title":{"rendered":"Ir\u00e1n denuncia ataque estadounidense contra petrolero en Ormuz"},"content":{"rendered":"<p><strong><em>Por <span style=\"color: #ff0000;\">Prensa Latina<\/span><\/em><\/strong><\/p>\n<p>Teher\u00e1n, IR\u00c1N.- Medios iran\u00edes denunciaron hoy un ataque estadounidense con misiles contra un petrolero cerca de la estrat\u00e9gica isla de Kharg, principal centro de exportaci\u00f3n de crudo de Ir\u00e1n en el golfo P\u00e9rsico.<\/p>\n<div class=\"elementor-element elementor-element-0aea3a0 elementor-widget elementor-widget-theme-post-content\" data-id=\"0aea3a0\" data-element_type=\"widget\" data-e-type=\"widget\" data-widget_type=\"theme-post-content.default\">\n<div class=\"elementor-widget-container\">\n<p>La agencia Tasnim inform\u00f3 que la embarcaci\u00f3n fue alcanzada por cuatro misiles cuando se encontraba a unos seis millas de la isla, sin que se registraran v\u00edctimas.<\/p>\n<p>Seg\u00fan la fuente, la tripulaci\u00f3n fue evacuada tras el ataque. Estados Unidos no hab\u00eda emitido comentarios inmediatos sobre el incidente.<\/p>\n<p>Previamente, la agencia Fars report\u00f3 varias explosiones en las inmediaciones de Kharg, mientras la agencia ISNA puntualiz\u00f3 que fuerzas estadounidenses hab\u00edan atacado un peque\u00f1o petrolero frente a sus costas.<\/p>\n<p>La informaci\u00f3n sobre el ataque tambi\u00e9n fue difundida por medios estatales iran\u00edes, aunque hasta el momento no pudo ser verificada de manera independiente.<\/p>\n<p>Kharg constituye el principal centro de exportaci\u00f3n petrolera de Ir\u00e1n y concentra buena parte de la infraestructura utilizada para los embarques de crudo del pa\u00eds.<\/p>\n<p>El incidente ocurre en medio de una nueva escalada entre Washington y Teher\u00e1n, luego de que el Comando Central de Estados Unidos (Centcom) anunciara esta semana ataques contra instalaciones militares iran\u00edes, incluidos sistemas de defensa a\u00e9rea, radares, activos navales y centros de comunicaciones.<\/p>\n<p>El actual conflicto comenz\u00f3 el 28 de febrero de 2026, cuando Estados Unidos e Israel lanzaron una ofensiva contra Ir\u00e1n. Teher\u00e1n respondi\u00f3 con ataques contra Israel y contra instalaciones estadounidenses en varios pa\u00edses de la regi\u00f3n.<\/p>\n<p>El 17 de junio de 2026, Washington y Teher\u00e1n alcanzaron el denominado Memorando de Entendimiento de Islamabad para cesar las hostilidades y avanzar hacia la reapertura del estrecho de Ormuz, pero el acuerdo se deterior\u00f3 posteriormente por desacuerdos sobre su aplicaci\u00f3n y la navegaci\u00f3n en esa estrat\u00e9gica v\u00eda mar\u00edtima.<\/p>\n<p>Las hostilidades se reanudaron en julio y volvieron a intensificarse el 1 de septiembre, cuando Centcom anunci\u00f3 una nueva oleada de ataques contra objetivos militares iran\u00edes.<\/p>\n<\/div>\n<\/div>\n<div class=\"elementor-element elementor-element-4f75016 elementor-widget elementor-widget-post-info\" data-id=\"4f75016\" data-element_type=\"widget\" data-e-type=\"widget\" data-widget_type=\"post-info.default\">\n<div class=\"elementor-widget-container\">\n<ul class=\"elementor-inline-items elementor-icon-list-items elementor-post-info\">\n<li class=\"elementor-icon-list-item elementor-repeater-item-17dda3e elementor-inline-item\"><em><span class=\"elementor-icon-list-text elementor-post-info__item elementor-post-info__item--type-custom\">#<a href=\"https:\/\/primermomento.com\/?p=473252\" rel=\"tag\">eeuu<\/a>\u00a0#<a href=\"https:\/\/primermomento.com\/?p=473252\" rel=\"tag\">ormuz<\/a><\/span><\/em><\/li>\n<\/ul>\n<\/div>\n<\/div>\n","protected":false},"excerpt":{"rendered":"<p>Por Prensa Latina Teher\u00e1n, IR\u00c1N.- Medios iran\u00edes denunciaron hoy un ataque estadounidense con misiles contra un petrolero cerca de la estrat\u00e9gica isla de Kharg, principal centro de exportaci\u00f3n de crudo de Ir\u00e1n en el golfo P\u00e9rsico. La agencia Tasnim inform\u00f3 que la embarcaci\u00f3n fue alcanzada por cuatro misiles cuando se encontraba a unos seis millas [&hellip;]<\/p>\n","protected":false},"author":1,"featured_media":473253,"comment_status":"open","ping_status":"open","sticky":false,"template":"","format":"standard","meta":{"_bbp_topic_count":0,"_bbp_reply_count":0,"_bbp_total_topic_count":0,"_bbp_total_reply_count":0,"_bbp_voice_count":0,"_bbp_anonymous_reply_count":0,"_bbp_topic_count_hidden":0,"_bbp_reply_count_hidden":0,"_bbp_forum_subforum_count":0,"footnotes":""},"categories":[61],"tags":[],"class_list":["post-473252","post","type-post","status-publish","format-standard","has-post-thumbnail","category-mundo"],"_links":{"self":[{"href":"https:\/\/primermomento.com\/index.php?rest_route=\/wp\/v2\/posts\/473252","targetHints":{"allow":["GET"]}}],"collection":[{"href":"https:\/\/primermomento.com\/index.php?rest_route=\/wp\/v2\/posts"}],"about":[{"href":"https:\/\/primermomento.com\/index.php?rest_route=\/wp\/v2\/types\/post"}],"author":[{"embeddable":true,"href":"https:\/\/primermomento.com\/index.php?rest_route=\/wp\/v2\/users\/1"}],"replies":[{"embeddable":true,"href":"https:\/\/primermomento.com\/index.php?rest_route=%2Fwp%2Fv2%2Fcomments&post=473252"}],"version-history":[{"count":1,"href":"https:\/\/primermomento.com\/index.php?rest_route=\/wp\/v2\/posts\/473252\/revisions"}],"predecessor-version":[{"id":473254,"href":"https:\/\/primermomento.com\/index.php?rest_route=\/wp\/v2\/posts\/473252\/revisions\/473254"}],"wp:featuredmedia":[{"embeddable":true,"href":"https:\/\/primermomento.com\/index.php?rest_route=\/wp\/v2\/media\/473253"}],"wp:attachment":[{"href":"https:\/\/primermomento.com\/index.php?rest_route=%2Fwp%2Fv2%2Fmedia&parent=473252"}],"wp:term":[{"taxonomy":"category","embeddable":true,"href":"https:\/\/primermomento.com\/index.php?rest_route=%2Fwp%2Fv2%2Fcategories&post=473252"},{"taxonomy":"post_tag","embeddable":true,"href":"https:\/\/primermomento.com\/index.php?rest_route=%2Fwp%2Fv2%2Ftags&post=473252"}],"curies":[{"name":"wp","href":"https:\/\/api.w.org\/{rel}","templated":true}]}}