{"id":473255,"date":"2026-09-05T07:10:30","date_gmt":"2026-09-05T11:10:30","guid":{"rendered":"https:\/\/primermomento.com\/?p=473255"},"modified":"2026-09-05T13:16:49","modified_gmt":"2026-09-05T17:16:49","slug":"putin-ordena-alto-el-fuego-de-tres-dias-por-contactos-de-kiev-y-eeuu","status":"publish","type":"post","link":"https:\/\/primermomento.com\/?p=473255","title":{"rendered":"Putin ordena alto el fuego de tres d\u00edas por contactos de Kiev y EEUU"},"content":{"rendered":"<p><iframe loading=\"lazy\" title=\"Alto el fuego entre Rusia y Ucrania durante la visita de EE.UU. con un plan para &quot;acabar la guerra&quot;\" width=\"696\" height=\"392\" src=\"https:\/\/www.youtube.com\/embed\/uOnl6w57PUw?start=2&amp;feature=oembed\" frameborder=\"0\" allow=\"accelerometer; autoplay; clipboard-write; encrypted-media; gyroscope; picture-in-picture; web-share\" referrerpolicy=\"strict-origin-when-cross-origin\" allowfullscreen><\/iframe><\/p>\n<p><strong><em>Por <span style=\"color: #ff0000;\">Prensa Latina<\/span><\/em><\/strong><\/p>\n<p>Mosc\u00fa, RUSIA.- El presidente de Rusia, Vladimir Putin, orden\u00f3 suspender los ataques contra Kiev durante tres d\u00edas, debido a la preparaci\u00f3n de contactos con representantes de Estados Unidos, declar\u00f3 hoy el portavoz del Kremlin, Dmitri Peskov.<\/p>\n<div class=\"elementor-element elementor-element-0aea3a0 elementor-widget elementor-widget-theme-post-content\" data-id=\"0aea3a0\" data-element_type=\"widget\" data-e-type=\"widget\" data-widget_type=\"theme-post-content.default\">\n<div class=\"elementor-widget-container\">\n<p>\u00abEl presidente Putin ha dado la orden de cesar los ataques contra Kiev durante tres d\u00edas. Esto est\u00e1 relacionado con la preparaci\u00f3n y realizaci\u00f3n de contactos de los estadounidenses en Kiev\u00bb, declar\u00f3 Peskov a los periodistas.<\/p>\n<p><img loading=\"lazy\" decoding=\"async\" class=\"size-medium wp-image-473256 alignleft\" src=\"https:\/\/primermomento.com\/wp-content\/uploads\/2026\/09\/Putin-y-alto-al-fuego-300x225.jpg\" alt=\"\" width=\"300\" height=\"225\" srcset=\"https:\/\/primermomento.com\/wp-content\/uploads\/2026\/09\/Putin-y-alto-al-fuego-300x225.jpg 300w, https:\/\/primermomento.com\/wp-content\/uploads\/2026\/09\/Putin-y-alto-al-fuego.jpg 640w\" sizes=\"auto, (max-width: 300px) 100vw, 300px\" \/>Este s\u00e1bado, los enviados especiales estadounidenses Steve Witkoff y Jared Kushner arribaron al aeropuerto Vn\u00fakovo de Mosc\u00fa, en el contexto de su visita a la capital rusa, y luego viajar\u00e1n a Kiev.<\/p>\n<p>Peskov igualmente refiri\u00f3 que Putin, mantendr\u00e1 este s\u00e1bado una reuni\u00f3n con los enviados especiales estadounidenses.\u00bbDe hecho, la reuni\u00f3n con el presidente se celebrar\u00e1, habr\u00e1 una conversaci\u00f3n y, por lo general, estas conversaciones fueron antes bastante prolongadas\u00bb, dijo.<\/p>\n<p>Peskov confirm\u00f3 que por ahora no se abordar\u00e1n nuevas ideas para resolver el conflicto en Ucrania, en referencia a las declaraciones del presidente estadounidense, Donald Trump, quien neg\u00f3 la v\u00edspera que Witkoff y Kushner presentar\u00edan nuevas propuestas sobre un acuerdo para Ucrania.<\/p>\n<p>El funcionario pidi\u00f3 abstenerse de hacer pron\u00f3sticos sobre posibles iniciativas para una soluci\u00f3n antes de la reuni\u00f3n.<\/p>\n<p>Previamente, la agencia Bloomberg hab\u00eda adelantado que los emisarios estadounidenses llegar\u00edan a Mosc\u00fa en esta fecha para sostener conversaciones enfocadas en el conflicto en Ucrania.<\/p>\n<p>Por su parte, el presidente de Estados Unidos, Donald Trump, asegur\u00f3 que sus representantes presentar\u00edan a los negociadores rusos una propuesta concreta para resolver la crisis.<\/p>\n<p>El 1 de septiembre, Putin declar\u00f3 que el proceso de negociaci\u00f3n sobre Ucrania se encuentra actualmente congelado. No obstante, enfatiz\u00f3 que Mosc\u00fa mantiene su disposici\u00f3n al di\u00e1logo con cualquier parte interesada, destacando que Witkoff y Kushner \u00absiempre son bienvenidos\u00bb en Rusia.<\/p>\n<\/div>\n<\/div>\n<div class=\"elementor-element elementor-element-4f75016 elementor-widget elementor-widget-post-info\" data-id=\"4f75016\" data-element_type=\"widget\" data-e-type=\"widget\" data-widget_type=\"post-info.default\">\n<div class=\"elementor-widget-container\">\n<ul class=\"elementor-inline-items elementor-icon-list-items elementor-post-info\">\n<li class=\"elementor-icon-list-item elementor-repeater-item-17dda3e elementor-inline-item\"><em><span class=\"elementor-icon-list-text elementor-post-info__item elementor-post-info__item--type-custom\">#<a href=\"https:\/\/primermomento.com\/?p=473255\" rel=\"tag\">contactos<\/a>\u00a0#<a href=\"https:\/\/primermomento.com\/?p=473255\" rel=\"tag\">eeuu<\/a>\u00a0#<a href=\"https:\/\/primermomento.com\/?p=473255\" rel=\"tag\">Kiev<\/a>\u00a0#<a href=\"https:\/\/primermomento.com\/?p=473255\" rel=\"tag\">ordena<\/a>\u00a0#<a href=\"https:\/\/primermomento.com\/?p=473255\" rel=\"tag\">Putin<\/a>\u00a0#<a href=\"https:\/\/primermomento.com\/?p=473255\" rel=\"tag\">Rusia<\/a><\/span><\/em><\/li>\n<\/ul>\n<\/div>\n<\/div>\n","protected":false},"excerpt":{"rendered":"<p>Por Prensa Latina Mosc\u00fa, RUSIA.- El presidente de Rusia, Vladimir Putin, orden\u00f3 suspender los ataques contra Kiev durante tres d\u00edas, debido a la preparaci\u00f3n de contactos con representantes de Estados Unidos, declar\u00f3 hoy el portavoz del Kremlin, Dmitri Peskov. \u00abEl presidente Putin ha dado la orden de cesar los ataques contra Kiev durante tres d\u00edas. [&hellip;]<\/p>\n","protected":false},"author":1,"featured_media":473256,"comment_status":"open","ping_status":"open","sticky":false,"template":"","format":"video","meta":{"_bbp_topic_count":0,"_bbp_reply_count":0,"_bbp_total_topic_count":0,"_bbp_total_reply_count":0,"_bbp_voice_count":0,"_bbp_anonymous_reply_count":0,"_bbp_topic_count_hidden":0,"_bbp_reply_count_hidden":0,"_bbp_forum_subforum_count":0,"footnotes":""},"categories":[61,106],"tags":[],"class_list":["post-473255","post","type-post","status-publish","format-video","has-post-thumbnail","category-mundo","category-video-news","post_format-post-format-video"],"_links":{"self":[{"href":"https:\/\/primermomento.com\/index.php?rest_route=\/wp\/v2\/posts\/473255","targetHints":{"allow":["GET"]}}],"collection":[{"href":"https:\/\/primermomento.com\/index.php?rest_route=\/wp\/v2\/posts"}],"about":[{"href":"https:\/\/primermomento.com\/index.php?rest_route=\/wp\/v2\/types\/post"}],"author":[{"embeddable":true,"href":"https:\/\/primermomento.com\/index.php?rest_route=\/wp\/v2\/users\/1"}],"replies":[{"embeddable":true,"href":"https:\/\/primermomento.com\/index.php?rest_route=%2Fwp%2Fv2%2Fcomments&post=473255"}],"version-history":[{"count":3,"href":"https:\/\/primermomento.com\/index.php?rest_route=\/wp\/v2\/posts\/473255\/revisions"}],"predecessor-version":[{"id":473259,"href":"https:\/\/primermomento.com\/index.php?rest_route=\/wp\/v2\/posts\/473255\/revisions\/473259"}],"wp:featuredmedia":[{"embeddable":true,"href":"https:\/\/primermomento.com\/index.php?rest_route=\/wp\/v2\/media\/473256"}],"wp:attachment":[{"href":"https:\/\/primermomento.com\/index.php?rest_route=%2Fwp%2Fv2%2Fmedia&parent=473255"}],"wp:term":[{"taxonomy":"category","embeddable":true,"href":"https:\/\/primermomento.com\/index.php?rest_route=%2Fwp%2Fv2%2Fcategories&post=473255"},{"taxonomy":"post_tag","embeddable":true,"href":"https:\/\/primermomento.com\/index.php?rest_route=%2Fwp%2Fv2%2Ftags&post=473255"}],"curies":[{"name":"wp","href":"https:\/\/api.w.org\/{rel}","templated":true}]}}