{"id":473260,"date":"2026-09-05T14:47:33","date_gmt":"2026-09-05T18:47:33","guid":{"rendered":"https:\/\/primermomento.com\/?p=473260"},"modified":"2026-09-05T14:47:33","modified_gmt":"2026-09-05T18:47:33","slug":"record-de-arrestos-excesos-lunares-en-politicas-migratorias-de-eeuu","status":"publish","type":"post","link":"https:\/\/primermomento.com\/?p=473260","title":{"rendered":"R\u00e9cord de arrestos, excesos, lunares en pol\u00edticas migratorias de EEUU"},"content":{"rendered":"<p><strong><em>Por <span style=\"color: #ff0000;\">Prensa Latina<\/span><\/em><\/strong><\/p>\n<p>Washington, EEUU.- Un n\u00famero r\u00e9cord de arrestos vuelve a colocar hoy al Servicio de Inmigraci\u00f3n y control de Aduanas (ICE) en el centro del debate sobre las pol\u00edticas migratorias del presidente Donald Trump en Estados Unidos.<\/p>\n<div class=\"elementor-element elementor-element-0aea3a0 elementor-widget elementor-widget-theme-post-content\" data-id=\"0aea3a0\" data-element_type=\"widget\" data-e-type=\"widget\" data-widget_type=\"theme-post-content.default\">\n<div class=\"elementor-widget-container\">\n<p>Solo en agosto 50 mil inmigrantes fueron blanco de las detenciones del ICE, mientras contin\u00faan aumentando los n\u00fameros de deportaciones a pa\u00edses africanos donde los expulsados no tienen conexi\u00f3n alguna.<\/p>\n<p>Las autoridades estadounidenses fundamentaron en un inicio la mano dura en este sentido por el presunto historial delictivo de los inmigrantes, pero la realidad pronto demostr\u00f3 que muchos son solicitantes de asilo sin r\u00e9cord criminal para los que incluso ese intento por lograr el llamado sue\u00f1o americano se les convirti\u00f3 en pesadilla.<\/p>\n<p>Un reciente sondeo del Economist\/YouGov tracker arroj\u00f3 que 53 por ciento de los votantes desaprueba las actuales pol\u00edticas migratorias de Trump y la conclusi\u00f3n es que ciertamente los ciudadanos abogan por un balance entre aplicar las leyes sin los excesos de esta administraci\u00f3n.<\/p>\n<p>Algunos medios locales como el diario La Opini\u00f3n, el peri\u00f3dico hispano m\u00e1s le\u00eddo en Estados Unidos, se\u00f1al\u00f3 que cada d\u00eda surgen nuevos ejemplos de la crueldad de esos excesos y de las consecuencias, a veces fatales, de su campa\u00f1a de deslegalizaci\u00f3n, detenciones, y deportaciones.<\/p>\n<p>El rotativo record\u00f3 que el ICE detuvo hace unos d\u00edas al ni\u00f1o de cinco a\u00f1os Liam Tadeo junto a su padre, V\u00edctor Mart\u00ednez, cuando se dispon\u00edan a ir a un juego de f\u00fatbol en Austin, Texas.<\/p>\n<p>Las im\u00e1genes de Liam llorando y aferrado a su padre esposado conmovieron. Ambos fueron enviados al pol\u00e9mico centro de detenci\u00f3n Dilley, Texas, y luego los deportaron a M\u00e9xico donde los dejaron a unas 20 horas del pueblo donde vive la familia en el estado de Guanajuato, apunt\u00f3 el diario.<\/p>\n<p>\u201cLiam deber\u00eda estar terminando su segunda semana en la guarder\u00eda en Estados Unidos. Este caso pone de manifiesto la crueldad de nuestras pol\u00edticas de inmigraci\u00f3n (\u2026) detenido innecesariamente junto a su padre y deportado sin poder despedirse de su madre\u201d, subray\u00f3 la abogada de la familia de Liam Tadeo, Kate Lincoln-Goldfinch, en un comunicado.<\/p>\n<p>Lamentablemente ese no resulta el \u00fanico caso, es, apenas, el m\u00e1s reciente. En enero \u00faltimo ocup\u00f3 aqu\u00ed titulares otro Liam, igual de cinco a\u00f1os, pero de apellido Conejo, quien fue llevado por agentes federales desde la entrada de su casa en el \u00e1rea metropolitana de Minneapolis tras regresar del preescolar al centro de detenci\u00f3n de Texas.<\/p>\n<p>El peque\u00f1o Liam y su pap\u00e1, originario de Ecuador, pasaron cerca de dos semanas recluidos y el caso tuvo connotaci\u00f3n nacional.<\/p>\n<p>En aquel momento un reportaje de CNN advirti\u00f3 que los ni\u00f1os retenidos en Dilley eran desde beb\u00e9s hasta adolescentes.<\/p>\n<\/div>\n<\/div>\n<div class=\"elementor-element elementor-element-4f75016 elementor-widget elementor-widget-post-info\" data-id=\"4f75016\" data-element_type=\"widget\" data-e-type=\"widget\" data-widget_type=\"post-info.default\">\n<div class=\"elementor-widget-container\">\n<ul class=\"elementor-inline-items elementor-icon-list-items elementor-post-info\">\n<li class=\"elementor-icon-list-item elementor-repeater-item-17dda3e elementor-inline-item\"><em><span class=\"elementor-icon-list-text elementor-post-info__item elementor-post-info__item--type-custom\">#<a href=\"https:\/\/primermomento.com\/?p=473260\" rel=\"tag\">arrestos inmigrantes<\/a>\u00a0#<a href=\"https:\/\/primermomento.com\/?p=473260\" rel=\"tag\">ICE<\/a><\/span><\/em><\/li>\n<\/ul>\n<\/div>\n<\/div>\n","protected":false},"excerpt":{"rendered":"<p>Por Prensa Latina Washington, EEUU.- Un n\u00famero r\u00e9cord de arrestos vuelve a colocar hoy al Servicio de Inmigraci\u00f3n y control de Aduanas (ICE) en el centro del debate sobre las pol\u00edticas migratorias del presidente Donald Trump en Estados Unidos. Solo en agosto 50 mil inmigrantes fueron blanco de las detenciones del ICE, mientras contin\u00faan aumentando [&hellip;]<\/p>\n","protected":false},"author":1,"featured_media":473261,"comment_status":"open","ping_status":"open","sticky":false,"template":"","format":"standard","meta":{"_bbp_topic_count":0,"_bbp_reply_count":0,"_bbp_total_topic_count":0,"_bbp_total_reply_count":0,"_bbp_voice_count":0,"_bbp_anonymous_reply_count":0,"_bbp_topic_count_hidden":0,"_bbp_reply_count_hidden":0,"_bbp_forum_subforum_count":0,"footnotes":""},"categories":[30],"tags":[],"class_list":["post-473260","post","type-post","status-publish","format-standard","has-post-thumbnail","category-actualidad"],"_links":{"self":[{"href":"https:\/\/primermomento.com\/index.php?rest_route=\/wp\/v2\/posts\/473260","targetHints":{"allow":["GET"]}}],"collection":[{"href":"https:\/\/primermomento.com\/index.php?rest_route=\/wp\/v2\/posts"}],"about":[{"href":"https:\/\/primermomento.com\/index.php?rest_route=\/wp\/v2\/types\/post"}],"author":[{"embeddable":true,"href":"https:\/\/primermomento.com\/index.php?rest_route=\/wp\/v2\/users\/1"}],"replies":[{"embeddable":true,"href":"https:\/\/primermomento.com\/index.php?rest_route=%2Fwp%2Fv2%2Fcomments&post=473260"}],"version-history":[{"count":1,"href":"https:\/\/primermomento.com\/index.php?rest_route=\/wp\/v2\/posts\/473260\/revisions"}],"predecessor-version":[{"id":473262,"href":"https:\/\/primermomento.com\/index.php?rest_route=\/wp\/v2\/posts\/473260\/revisions\/473262"}],"wp:featuredmedia":[{"embeddable":true,"href":"https:\/\/primermomento.com\/index.php?rest_route=\/wp\/v2\/media\/473261"}],"wp:attachment":[{"href":"https:\/\/primermomento.com\/index.php?rest_route=%2Fwp%2Fv2%2Fmedia&parent=473260"}],"wp:term":[{"taxonomy":"category","embeddable":true,"href":"https:\/\/primermomento.com\/index.php?rest_route=%2Fwp%2Fv2%2Fcategories&post=473260"},{"taxonomy":"post_tag","embeddable":true,"href":"https:\/\/primermomento.com\/index.php?rest_route=%2Fwp%2Fv2%2Ftags&post=473260"}],"curies":[{"name":"wp","href":"https:\/\/api.w.org\/{rel}","templated":true}]}}