{"id":473263,"date":"2026-09-05T17:06:14","date_gmt":"2026-09-05T21:06:14","guid":{"rendered":"https:\/\/primermomento.com\/?p=473263"},"modified":"2026-09-05T17:57:56","modified_gmt":"2026-09-05T21:57:56","slug":"gobierno-dominicano-amplia-verja-fronteriza-para-reforzar-control-con-haiti","status":"publish","type":"post","link":"https:\/\/primermomento.com\/?p=473263","title":{"rendered":"Gobierno dominicano ampl\u00eda verja fronteriza para reforzar control con Hait\u00ed"},"content":{"rendered":"<p><strong><em>Por <span style=\"color: #ff0000;\">Prensa Latina<\/span><\/em><\/strong><\/p>\n<p>SANTO DOMINGO, Rep\u00fablica Dominicana.- El Gobierno de la Rep\u00fablica Dominicana inform\u00f3 hoy el inicio de la construcci\u00f3n de 14,5 kil\u00f3metros de verja perimetral en Jiman\u00ed, provincia de Independencia, como parte de su estrategia para el control en la frontera con Hait\u00ed.<\/p>\n<p>Los trabajos corresponden a la segunda etapa de esta infraestructura y fueron encabezados por el ministro de Defensa, teniente general Carlos Antonio Fern\u00e1ndez Onofre, quien estuvo acompa\u00f1ado por el comandante general del Ej\u00e9rcito, mayor general Jimmy Arias Grull\u00f3n, autoridades civiles y militares.<\/p>\n<p>El nuevo tramo tendr\u00e1 una altura de 13 pies e incluir\u00e1 seis torres de vigilancia, 35 alcantarillas y calles de patrullaje de siete metros de ancho en ambos lados de la estructura, instalaciones destinadas a facilitar la movilidad de las unidades militares y fortalecer la vigilancia en la zona.<\/p>\n<p>De acuerdo con las autoridades, la obra tendr\u00e1 especial importancia por su ubicaci\u00f3n en la Hoya de Enriquillo, frente al lago Azuey o del Fondo, \u00e1rea considerada vulnerable al trasiego irregular de mercanc\u00edas y otras actividades il\u00edcitas.<\/p>\n<p>El ministro de Defensa explic\u00f3 que la infraestructura forma parte de la estrategia \u201cFrontera Fuerte\u201d, impulsada por el presidente Luis Abinader para combinar tambi\u00e9n tecnolog\u00eda, vigilancia, movilidad y presencia militar en la zona lim\u00edtrofe.<\/p>\n<p>Jiman\u00ed constituye adem\u00e1s un punto relevante para el intercambio comercial entre Rep\u00fablica Dominicana y Hait\u00ed, debido a la existencia de uno de los principales mercados binacionales y a su elevado flujo de veh\u00edculos de carga.<\/p>\n<p>Durante la jornada, Fern\u00e1ndez Onofre y representantes del Observatorio de Pol\u00edticas Migratorias, encabezados por su presidente ejecutivo, Miguel Franjul, recorrieron tambi\u00e9n el nuevo tramo de la verja que se construye en Dajab\u00f3n, donde constataron los avances.<\/p>\n<p>El Gobierno dominicano sostiene que la ampliaci\u00f3n de la verja, junto con los sistemas de vigilancia y patrullaje, permitir\u00e1 fortalecer el control territorial y las capacidades operativas de las Fuerzas Armadas en los principales puntos de la frontera con Hait\u00ed.<\/p>\n","protected":false},"excerpt":{"rendered":"<p>Por Prensa Latina SANTO DOMINGO, Rep\u00fablica Dominicana.- El Gobierno de la Rep\u00fablica Dominicana inform\u00f3 hoy el inicio de la construcci\u00f3n de 14,5 kil\u00f3metros de verja perimetral en Jiman\u00ed, provincia de Independencia, como parte de su estrategia para el control en la frontera con Hait\u00ed. Los trabajos corresponden a la segunda etapa de esta infraestructura y [&hellip;]<\/p>\n","protected":false},"author":1,"featured_media":473279,"comment_status":"open","ping_status":"open","sticky":false,"template":"","format":"standard","meta":{"_bbp_topic_count":0,"_bbp_reply_count":0,"_bbp_total_topic_count":0,"_bbp_total_reply_count":0,"_bbp_voice_count":0,"_bbp_anonymous_reply_count":0,"_bbp_topic_count_hidden":0,"_bbp_reply_count_hidden":0,"_bbp_forum_subforum_count":0,"footnotes":""},"categories":[30],"tags":[],"class_list":["post-473263","post","type-post","status-publish","format-standard","has-post-thumbnail","category-actualidad"],"_links":{"self":[{"href":"https:\/\/primermomento.com\/index.php?rest_route=\/wp\/v2\/posts\/473263","targetHints":{"allow":["GET"]}}],"collection":[{"href":"https:\/\/primermomento.com\/index.php?rest_route=\/wp\/v2\/posts"}],"about":[{"href":"https:\/\/primermomento.com\/index.php?rest_route=\/wp\/v2\/types\/post"}],"author":[{"embeddable":true,"href":"https:\/\/primermomento.com\/index.php?rest_route=\/wp\/v2\/users\/1"}],"replies":[{"embeddable":true,"href":"https:\/\/primermomento.com\/index.php?rest_route=%2Fwp%2Fv2%2Fcomments&post=473263"}],"version-history":[{"count":1,"href":"https:\/\/primermomento.com\/index.php?rest_route=\/wp\/v2\/posts\/473263\/revisions"}],"predecessor-version":[{"id":473265,"href":"https:\/\/primermomento.com\/index.php?rest_route=\/wp\/v2\/posts\/473263\/revisions\/473265"}],"wp:featuredmedia":[{"embeddable":true,"href":"https:\/\/primermomento.com\/index.php?rest_route=\/wp\/v2\/media\/473279"}],"wp:attachment":[{"href":"https:\/\/primermomento.com\/index.php?rest_route=%2Fwp%2Fv2%2Fmedia&parent=473263"}],"wp:term":[{"taxonomy":"category","embeddable":true,"href":"https:\/\/primermomento.com\/index.php?rest_route=%2Fwp%2Fv2%2Fcategories&post=473263"},{"taxonomy":"post_tag","embeddable":true,"href":"https:\/\/primermomento.com\/index.php?rest_route=%2Fwp%2Fv2%2Ftags&post=473263"}],"curies":[{"name":"wp","href":"https:\/\/api.w.org\/{rel}","templated":true}]}}