{"id":473275,"date":"2026-09-05T17:25:11","date_gmt":"2026-09-05T21:25:11","guid":{"rendered":"https:\/\/primermomento.com\/?p=473275"},"modified":"2026-09-05T17:25:11","modified_gmt":"2026-09-05T21:25:11","slug":"lanzan-ruta-azul-con-84-agentes-para-reforzar-patrullaje-preventivo-en-el-dn","status":"publish","type":"post","link":"https:\/\/primermomento.com\/?p=473275","title":{"rendered":"Lanzan \u201cRuta Azul\u201d con 84 agentes para reforzar patrullaje preventivo en el DN"},"content":{"rendered":"<p><strong><em>Por <span style=\"color: #ff0000;\">Servicios de Primermomento.com<\/span><\/em><\/strong><\/p>\n<p>SANTO DOMINGO, Rep\u00fablica Dominicana.- La Polic\u00eda Nacional puso en marcha este s\u00e1bado la \u201cRuta Azul\u201d, un renovado modelo de patrullaje a pie que despliega 84 agentes en el Departamento C-6 y otros puntos estrat\u00e9gicos de su zona de responsabilidad, con el prop\u00f3sito de fortalecer la prevenci\u00f3n, la seguridad y la proximidad con la ciudadan\u00eda.<\/p>\n<p>La iniciativa, concebida bajo el Nuevo Modelo de Prestaci\u00f3n del Servicio P\u00fablico de Polic\u00eda, fue lanzada formalmente en el Parque Mirador Sur y forma parte del proceso de transformaci\u00f3n y modernizaci\u00f3n de la instituci\u00f3n, orientado a ofrecer un servicio m\u00e1s cercano, profesional y preventivo.<\/p>\n<p>El acto estuvo encabezado por el director general de la Polic\u00eda Nacional, mayor general Ernesto Rodr\u00edguez Garc\u00eda, acompa\u00f1ado del subdirector general, general Esteban Figuereo Garc\u00eda; el inspector general, general Mart\u00edn Tapia S\u00e1nchez; el director central de Transformaci\u00f3n Policial, general Francisco Pimentel; el director regional Central del Distrito, general Gabriel de los Santos Garc\u00eda; el director central de Transformaci\u00f3n Digital, general Juan Gautreaux Mart\u00ednez; el director central de Planificaci\u00f3n y Desarrollo, general C\u00e9sar Ares Guzm\u00e1n; y la titular de la Direcci\u00f3n Especializada de Atenci\u00f3n a la Mujer y Violencia Intrafamiliar (DEAMVI), general Celeste Yanet Jim\u00e9nez Cabral, entre otros oficiales superiores.<\/p>\n<p>Tres ejes estrat\u00e9gicos de la Ruta Azul:<\/p>\n<p>\u2022 Parque Mirador Sur: agentes destinados a la protecci\u00f3n de deportistas, familias y visitantes, mediante patrullaje a pie y apoyo motorizado a lo largo de la Avenida de la Salud.<\/p>\n<p>\u2022 Corredor comercial: agentes desplegados en puntos fijos y recorridos continuos en Downtown Center, Bella Vista Mall, supermercado Drag\u00f3n de Oro y el per\u00edmetro de la avenida Enriquillo, frente al supermercado Bravo.<\/p>\n<p>\u2022 Malec\u00f3n de Santo Domingo: agentes ubicados en puntos estrat\u00e9gicos del litoral, incluyendo la zona de la avenida John F. Kennedy con Abraham Lincoln, frente a la Canciller\u00eda y el \u00e1rea del Banco Agr\u00edcola.<\/p>\n<p>El nuevo servicio se caracteriza por una presencia policial visible, cercana y planificada, con agentes preparados para prevenir delitos, atender situaciones de riesgo y mantener un contacto directo y respetuoso con la poblaci\u00f3n.<\/p>\n<p>Durante el acto, el mayor general Ernesto Rodr\u00edguez Garc\u00eda exhort\u00f3 a los agentes a actuar con cortes\u00eda, disciplina, responsabilidad, vocaci\u00f3n preventiva y estricto respeto a la Constituci\u00f3n, los derechos humanos y la dignidad de las personas. \u201cLa seguridad p\u00fablica y ciudadana se construye caminando al lado de la gente\u201d, afirm\u00f3.<\/p>\n<p>A seguidas, el general Francisco Pimentel destac\u00f3 que la iniciativa da continuidad al proceso de implementaci\u00f3n del nuevo modelo policial, mientras que el comisionado para la Reforma Policial, Ernesto Garc\u00eda Hern\u00e1ndez, resalt\u00f3 el valor del patrullaje a pie para fortalecer la confianza entre polic\u00edas y comunidades.<\/p>\n<p>La representante comunitaria Rosmery Bonifacio expres\u00f3 el respaldo de los residentes a la iniciativa y destac\u00f3 la importancia de la colaboraci\u00f3n entre la comunidad y la Polic\u00eda Nacional.<\/p>\n<p>Con esta iniciativa, la Polic\u00eda Nacional reafirma su compromiso de transformar y modernizar el servicio policial, fortaleciendo la prevenci\u00f3n y la cercan\u00eda con la ciudadan\u00eda.<\/p>\n","protected":false},"excerpt":{"rendered":"<p>Por Servicios de Primermomento.com SANTO DOMINGO, Rep\u00fablica Dominicana.- La Polic\u00eda Nacional puso en marcha este s\u00e1bado la \u201cRuta Azul\u201d, un renovado modelo de patrullaje a pie que despliega 84 agentes en el Departamento C-6 y otros puntos estrat\u00e9gicos de su zona de responsabilidad, con el prop\u00f3sito de fortalecer la prevenci\u00f3n, la seguridad y la proximidad [&hellip;]<\/p>\n","protected":false},"author":1,"featured_media":473276,"comment_status":"open","ping_status":"open","sticky":false,"template":"","format":"standard","meta":{"_bbp_topic_count":0,"_bbp_reply_count":0,"_bbp_total_topic_count":0,"_bbp_total_reply_count":0,"_bbp_voice_count":0,"_bbp_anonymous_reply_count":0,"_bbp_topic_count_hidden":0,"_bbp_reply_count_hidden":0,"_bbp_forum_subforum_count":0,"footnotes":""},"categories":[30],"tags":[],"class_list":["post-473275","post","type-post","status-publish","format-standard","has-post-thumbnail","category-actualidad"],"_links":{"self":[{"href":"https:\/\/primermomento.com\/index.php?rest_route=\/wp\/v2\/posts\/473275","targetHints":{"allow":["GET"]}}],"collection":[{"href":"https:\/\/primermomento.com\/index.php?rest_route=\/wp\/v2\/posts"}],"about":[{"href":"https:\/\/primermomento.com\/index.php?rest_route=\/wp\/v2\/types\/post"}],"author":[{"embeddable":true,"href":"https:\/\/primermomento.com\/index.php?rest_route=\/wp\/v2\/users\/1"}],"replies":[{"embeddable":true,"href":"https:\/\/primermomento.com\/index.php?rest_route=%2Fwp%2Fv2%2Fcomments&post=473275"}],"version-history":[{"count":1,"href":"https:\/\/primermomento.com\/index.php?rest_route=\/wp\/v2\/posts\/473275\/revisions"}],"predecessor-version":[{"id":473277,"href":"https:\/\/primermomento.com\/index.php?rest_route=\/wp\/v2\/posts\/473275\/revisions\/473277"}],"wp:featuredmedia":[{"embeddable":true,"href":"https:\/\/primermomento.com\/index.php?rest_route=\/wp\/v2\/media\/473276"}],"wp:attachment":[{"href":"https:\/\/primermomento.com\/index.php?rest_route=%2Fwp%2Fv2%2Fmedia&parent=473275"}],"wp:term":[{"taxonomy":"category","embeddable":true,"href":"https:\/\/primermomento.com\/index.php?rest_route=%2Fwp%2Fv2%2Fcategories&post=473275"},{"taxonomy":"post_tag","embeddable":true,"href":"https:\/\/primermomento.com\/index.php?rest_route=%2Fwp%2Fv2%2Ftags&post=473275"}],"curies":[{"name":"wp","href":"https:\/\/api.w.org\/{rel}","templated":true}]}}