{"id":473283,"date":"2026-09-06T10:05:37","date_gmt":"2026-09-06T14:05:37","guid":{"rendered":"https:\/\/primermomento.com\/?p=473283"},"modified":"2026-09-06T10:05:37","modified_gmt":"2026-09-06T14:05:37","slug":"republica-dominicana-deporta-mas-de-200-mil-haitianos-por-dajabon","status":"publish","type":"post","link":"https:\/\/primermomento.com\/?p=473283","title":{"rendered":"Rep\u00fablica Dominicana deporta m\u00e1s de 200 mil haitianos por Dajab\u00f3n"},"content":{"rendered":"<p><strong><em>Por <span style=\"color: #ff0000;\">Prensa Latina<\/span><\/em><\/strong><\/p>\n<p>SANTO DOMINGO, Rep\u00fablica Dominicana.- M\u00e1s de 200 mil haitianos en situaci\u00f3n migratoria irregular fueron deportados hacia su pa\u00eds por Dajab\u00f3n, provincia fronteriza del norte de Rep\u00fablica Dominicana, desde octubre de 2024 hasta agosto de este a\u00f1o, trascendi\u00f3 hoy.<\/p>\n<div class=\"elementor-element elementor-element-0aea3a0 elementor-widget elementor-widget-theme-post-content\" data-id=\"0aea3a0\" data-element_type=\"widget\" data-e-type=\"widget\" data-widget_type=\"theme-post-content.default\">\n<div class=\"elementor-widget-container\">\n<p>Seg\u00fan la Direcci\u00f3n General de Migraci\u00f3n (DGM), por el punto de control migratorio de esa demarcaci\u00f3n resultaron devueltas 202 mil 294 personas entre el 1 de octubre de 2024 y el 31 de agosto de 2026. De esa cifra, 79 mil 938 corresponden a los primeros ocho meses de este a\u00f1o.<\/p>\n<p>Dajab\u00f3n limita con Hait\u00ed y constituye uno de los principales puntos de control de la frontera terrestre entre ambos pa\u00edses.<\/p>\n<p>Las repatriaciones efectuadas all\u00ed incluyen a personas interceptadas durante operativos realizados en varias provincias de la regi\u00f3n norte dominicana, entre ellas Puerto Plata, Santiago de los Caballeros, Valverde, Santiago Rodr\u00edguez, San Francisco de Macor\u00eds, Hermanas Mirabal y Espaillat.<\/p>\n<p>Solo durante agosto \u00faltimo, la DGM report\u00f3 la detenci\u00f3n de cuatro mil 492 extranjeros en Dajab\u00f3n, como resultado de 74 operativos de interdicci\u00f3n migratoria y acciones en puestos de control, desarrollados con el apoyo de las Fuerzas Armadas y la Polic\u00eda Nacional.<\/p>\n<p>La instituci\u00f3n indic\u00f3, adem\u00e1s, que entre octubre de 2024 y agosto de 2026 fueron sometidos a la justicia 19 ciudadanos por delitos relacionados con el tr\u00e1fico de personas, la falsificaci\u00f3n de documentos, agresiones f\u00edsicas y otros hechos.<\/p>\n<p>Asimismo, las intervenciones realizadas en centros hospitalarios de dicha provincia permitieron detener a 375 extranjeros entre 2025 y agosto de 2026.<\/p>\n<p>De acuerdo con el organismo, el punto de control fronterizo y el Centro de Procesamiento Migratorio de ese territorio fueron reforzados con personal y recursos tecnol\u00f3gicos.<\/p>\n<p>La DGM agreg\u00f3 que mantiene inspecciones en carreteras, puestos de chequeo y otras v\u00edas utilizadas por redes dedicadas al tr\u00e1fico de personas, con el apoyo del Ej\u00e9rcito, el Cuerpo Especializado de Seguridad Fronteriza Terrestre y la Polic\u00eda Nacional.<\/p>\n<\/div>\n<\/div>\n<div class=\"elementor-element elementor-element-4f75016 elementor-widget elementor-widget-post-info\" data-id=\"4f75016\" data-element_type=\"widget\" data-e-type=\"widget\" data-widget_type=\"post-info.default\">\n<div class=\"elementor-widget-container\">\n<ul class=\"elementor-inline-items elementor-icon-list-items elementor-post-info\">\n<li class=\"elementor-icon-list-item elementor-repeater-item-17dda3e elementor-inline-item\"><span class=\"elementor-icon-list-text elementor-post-info__item elementor-post-info__item--type-custom\">#<em><a href=\"https:\/\/primermomento.com\/?p=473283\" rel=\"tag\">deportaciones<\/a><\/em><\/span><\/li>\n<\/ul>\n<\/div>\n<\/div>\n","protected":false},"excerpt":{"rendered":"<p>Por Prensa Latina SANTO DOMINGO, Rep\u00fablica Dominicana.- M\u00e1s de 200 mil haitianos en situaci\u00f3n migratoria irregular fueron deportados hacia su pa\u00eds por Dajab\u00f3n, provincia fronteriza del norte de Rep\u00fablica Dominicana, desde octubre de 2024 hasta agosto de este a\u00f1o, trascendi\u00f3 hoy. Seg\u00fan la Direcci\u00f3n General de Migraci\u00f3n (DGM), por el punto de control migratorio de [&hellip;]<\/p>\n","protected":false},"author":1,"featured_media":473285,"comment_status":"open","ping_status":"open","sticky":false,"template":"","format":"standard","meta":{"_bbp_topic_count":0,"_bbp_reply_count":0,"_bbp_total_topic_count":0,"_bbp_total_reply_count":0,"_bbp_voice_count":0,"_bbp_anonymous_reply_count":0,"_bbp_topic_count_hidden":0,"_bbp_reply_count_hidden":0,"_bbp_forum_subforum_count":0,"footnotes":""},"categories":[30],"tags":[],"class_list":["post-473283","post","type-post","status-publish","format-standard","has-post-thumbnail","category-actualidad"],"_links":{"self":[{"href":"https:\/\/primermomento.com\/index.php?rest_route=\/wp\/v2\/posts\/473283","targetHints":{"allow":["GET"]}}],"collection":[{"href":"https:\/\/primermomento.com\/index.php?rest_route=\/wp\/v2\/posts"}],"about":[{"href":"https:\/\/primermomento.com\/index.php?rest_route=\/wp\/v2\/types\/post"}],"author":[{"embeddable":true,"href":"https:\/\/primermomento.com\/index.php?rest_route=\/wp\/v2\/users\/1"}],"replies":[{"embeddable":true,"href":"https:\/\/primermomento.com\/index.php?rest_route=%2Fwp%2Fv2%2Fcomments&post=473283"}],"version-history":[{"count":1,"href":"https:\/\/primermomento.com\/index.php?rest_route=\/wp\/v2\/posts\/473283\/revisions"}],"predecessor-version":[{"id":473284,"href":"https:\/\/primermomento.com\/index.php?rest_route=\/wp\/v2\/posts\/473283\/revisions\/473284"}],"wp:featuredmedia":[{"embeddable":true,"href":"https:\/\/primermomento.com\/index.php?rest_route=\/wp\/v2\/media\/473285"}],"wp:attachment":[{"href":"https:\/\/primermomento.com\/index.php?rest_route=%2Fwp%2Fv2%2Fmedia&parent=473283"}],"wp:term":[{"taxonomy":"category","embeddable":true,"href":"https:\/\/primermomento.com\/index.php?rest_route=%2Fwp%2Fv2%2Fcategories&post=473283"},{"taxonomy":"post_tag","embeddable":true,"href":"https:\/\/primermomento.com\/index.php?rest_route=%2Fwp%2Fv2%2Ftags&post=473283"}],"curies":[{"name":"wp","href":"https:\/\/api.w.org\/{rel}","templated":true}]}}