{"id":473286,"date":"2026-09-06T10:08:04","date_gmt":"2026-09-06T14:08:04","guid":{"rendered":"https:\/\/primermomento.com\/?p=473286"},"modified":"2026-09-06T10:08:04","modified_gmt":"2026-09-06T14:08:04","slug":"presidente-abinader-asume-liderazgo-del-partido-oficialista-prm","status":"publish","type":"post","link":"https:\/\/primermomento.com\/?p=473286","title":{"rendered":"Presidente Abinader asume liderazgo del partido oficialista PRM"},"content":{"rendered":"<p><strong><em>Por <span style=\"color: #ff0000;\">Prensa Latina<\/span><\/em><\/strong><\/p>\n<p>SANTO DOMINGO, Rep\u00fablica Dominicana.- El Partido Revolucionario Moderno (PRM) inicia hoy una nueva etapa bajo la conducci\u00f3n del presidente dominicano, Luis Abinader, quien ser\u00e1 juramentado como m\u00e1ximo dirigente de esa organizaci\u00f3n.<\/p>\n<div class=\"elementor-element elementor-element-0aea3a0 elementor-widget elementor-widget-theme-post-content\" data-id=\"0aea3a0\" data-element_type=\"widget\" data-e-type=\"widget\" data-widget_type=\"theme-post-content.default\">\n<div class=\"elementor-widget-container\">\n<p>La ceremonia tendr\u00e1 lugar en el Club Polideportivo San Carlos, en Santo Domingo, como cierre de la XXIV Convenci\u00f3n Nacional Ordinaria del PRM, dedicada al fallecido dirigente y exministro Orlando Jorge Mera.<\/p>\n<p>Adem\u00e1s de Abinader, ser\u00e1n juramentados Juan Garrig\u00f3 Mej\u00eda como secretario general y Deligne Ascenci\u00f3n Burgos como primer vicepresidente nacional, en una renovaci\u00f3n de los principales cargos partidistas.<\/p>\n<p>La nueva direcci\u00f3n deber\u00e1 encaminar los trabajos del PRM hacia las elecciones generales de 2028, al tiempo que enfrentar\u00e1 el desaf\u00edo de preservar la unidad entre las diferentes corrientes internas y encauzar la competencia por la candidatura presidencial que suceder\u00e1 a Abinader.<\/p>\n<p>Durante la jornada tambi\u00e9n quedar\u00e1n formalizados los vicepresidentes y subsecretarios nacionales, as\u00ed como las autoridades de los organismos territoriales y del exterior y los responsables de los frentes sectoriales, entre ellos los de Mujer y Juventud.<\/p>\n<p>El proceso de renovaci\u00f3n de las autoridades del PRM se produce cuando la organizaci\u00f3n oficialista encara el \u00faltimo tramo del segundo mandato del gobernante y debe definir progresivamente su estrategia para los comicios de 2028, en los que Abinader no podr\u00e1 optar nuevamente por la Presidencia.<\/p>\n<\/div>\n<\/div>\n<div class=\"elementor-element elementor-element-4f75016 elementor-widget elementor-widget-post-info\" data-id=\"4f75016\" data-element_type=\"widget\" data-e-type=\"widget\" data-widget_type=\"post-info.default\">\n<div class=\"elementor-widget-container\">\n<ul class=\"elementor-inline-items elementor-icon-list-items elementor-post-info\">\n<li class=\"elementor-icon-list-item elementor-repeater-item-17dda3e elementor-inline-item\"><span class=\"elementor-icon-list-text elementor-post-info__item elementor-post-info__item--type-custom\">#<em><a href=\"https:\/\/primermomento.com\/?p=473286\" rel=\"tag\">prm<\/a><\/em><\/span><\/li>\n<\/ul>\n<\/div>\n<\/div>\n","protected":false},"excerpt":{"rendered":"<p>Por Prensa Latina SANTO DOMINGO, Rep\u00fablica Dominicana.- El Partido Revolucionario Moderno (PRM) inicia hoy una nueva etapa bajo la conducci\u00f3n del presidente dominicano, Luis Abinader, quien ser\u00e1 juramentado como m\u00e1ximo dirigente de esa organizaci\u00f3n. La ceremonia tendr\u00e1 lugar en el Club Polideportivo San Carlos, en Santo Domingo, como cierre de la XXIV Convenci\u00f3n Nacional Ordinaria [&hellip;]<\/p>\n","protected":false},"author":1,"featured_media":471739,"comment_status":"open","ping_status":"open","sticky":false,"template":"","format":"standard","meta":{"_bbp_topic_count":0,"_bbp_reply_count":0,"_bbp_total_topic_count":0,"_bbp_total_reply_count":0,"_bbp_voice_count":0,"_bbp_anonymous_reply_count":0,"_bbp_topic_count_hidden":0,"_bbp_reply_count_hidden":0,"_bbp_forum_subforum_count":0,"footnotes":""},"categories":[30],"tags":[],"class_list":["post-473286","post","type-post","status-publish","format-standard","has-post-thumbnail","category-actualidad"],"_links":{"self":[{"href":"https:\/\/primermomento.com\/index.php?rest_route=\/wp\/v2\/posts\/473286","targetHints":{"allow":["GET"]}}],"collection":[{"href":"https:\/\/primermomento.com\/index.php?rest_route=\/wp\/v2\/posts"}],"about":[{"href":"https:\/\/primermomento.com\/index.php?rest_route=\/wp\/v2\/types\/post"}],"author":[{"embeddable":true,"href":"https:\/\/primermomento.com\/index.php?rest_route=\/wp\/v2\/users\/1"}],"replies":[{"embeddable":true,"href":"https:\/\/primermomento.com\/index.php?rest_route=%2Fwp%2Fv2%2Fcomments&post=473286"}],"version-history":[{"count":1,"href":"https:\/\/primermomento.com\/index.php?rest_route=\/wp\/v2\/posts\/473286\/revisions"}],"predecessor-version":[{"id":473287,"href":"https:\/\/primermomento.com\/index.php?rest_route=\/wp\/v2\/posts\/473286\/revisions\/473287"}],"wp:featuredmedia":[{"embeddable":true,"href":"https:\/\/primermomento.com\/index.php?rest_route=\/wp\/v2\/media\/471739"}],"wp:attachment":[{"href":"https:\/\/primermomento.com\/index.php?rest_route=%2Fwp%2Fv2%2Fmedia&parent=473286"}],"wp:term":[{"taxonomy":"category","embeddable":true,"href":"https:\/\/primermomento.com\/index.php?rest_route=%2Fwp%2Fv2%2Fcategories&post=473286"},{"taxonomy":"post_tag","embeddable":true,"href":"https:\/\/primermomento.com\/index.php?rest_route=%2Fwp%2Fv2%2Ftags&post=473286"}],"curies":[{"name":"wp","href":"https:\/\/api.w.org\/{rel}","templated":true}]}}