{"id":473295,"date":"2026-09-06T12:35:38","date_gmt":"2026-09-06T16:35:38","guid":{"rendered":"https:\/\/primermomento.com\/?p=473295"},"modified":"2026-09-06T12:35:38","modified_gmt":"2026-09-06T16:35:38","slug":"iran-ataca-con-misiles-un-portaaviones-y-un-destructor-de-eeuu","status":"publish","type":"post","link":"https:\/\/primermomento.com\/?p=473295","title":{"rendered":"Ir\u00e1n ataca con misiles un portaaviones y un destructor de EEUU"},"content":{"rendered":"<p><em><strong>Por<span style=\"color: #ff0000;\"> Prensa Latina<\/span><\/strong><\/em><\/p>\n<p>Teher\u00e1n, IR\u00c1N.- La Guardia Revolucionaria de Ir\u00e1n afirm\u00f3 hoy haber atacado con misiles bal\u00edsticos un portaaviones y un destructor estadounidenses que, seg\u00fan Teher\u00e1n, participaban en el bloqueo mar\u00edtimo contra embarcaciones iran\u00edes.<\/p>\n<div class=\"elementor-element elementor-element-761416c0 elementor-widget elementor-widget-theme-post-content\" data-id=\"761416c0\" data-element_type=\"widget\" data-e-type=\"widget\" data-widget_type=\"theme-post-content.default\">\n<div class=\"elementor-widget-container\">\n<p>En un comunicado, la Fuerza Aeroespacial de la Guardia Revolucionaria asegur\u00f3 que los proyectiles alcanzaron a los dos buques y los obligaron a retirarse y cambiar de posici\u00f3n tras sufrir da\u00f1os.<\/p>\n<p>Sin embargo, el Comando Central de Estados Unidos (Centcom) ofreci\u00f3 una versi\u00f3n diferente y confirm\u00f3 que sus dos buques fueron blanco de misiles iran\u00edes, pero asegur\u00f3 que lograron evadir los ataques y que ning\u00fan miembro de su personal result\u00f3 herido.<\/p>\n<p>La Guardia Revolucionaria acus\u00f3 a las unidades estadounidenses de hostigar a embarcaciones iran\u00edes y participar en el bloqueo naval, y advirti\u00f3 que cualquier nueva acci\u00f3n militar de Washington recibir\u00e1 una respuesta \u201cm\u00e1s severa\u201d.<\/p>\n<p>La v\u00edspera, la Armada de la Guardia Revolucionaria anunci\u00f3 ataques contra tres petroleros que, seg\u00fan afirm\u00f3, atravesaron el estrecho de Ormuz por una ruta no autorizada, as\u00ed como contra otros tres buques vinculados a Estados Unidos.<\/p>\n<p>Horas antes, fuerzas estadounidenses hab\u00edan atacado tres petroleros iran\u00edes en represalia por los lanzamientos de misiles contra sus unidades navales. Washington inform\u00f3 que destruy\u00f3 uno de los buques y dej\u00f3 otros dos inutilizados.<\/p>\n<p>La nueva escalada se enmarca en el conflicto iniciado el 28 de febrero de 2026, cuando Estados Unidos e Israel lanzaron ataques contra Ir\u00e1n, a los que Teher\u00e1n respondi\u00f3 con operaciones contra objetivos israel\u00edes y estadounidenses en la regi\u00f3n.<\/p>\n<p>Washington y Teher\u00e1n alcanzaron el 17 de junio de 2026 el denominado Memorando de Entendimiento de Islamabad, destinado a detener las hostilidades y avanzar hacia la reapertura del estrecho de Ormuz, pero el proceso se estanc\u00f3 posteriormente y los enfrentamientos se reanudaron en julio.<\/p>\n<\/div>\n<\/div>\n<div class=\"elementor-element elementor-element-249c6ba6 elementor-widget elementor-widget-post-info\" data-id=\"249c6ba6\" data-element_type=\"widget\" data-e-type=\"widget\" data-widget_type=\"post-info.default\">\n<div class=\"elementor-widget-container\">\n<ul class=\"elementor-inline-items elementor-icon-list-items elementor-post-info\">\n<li class=\"elementor-icon-list-item elementor-repeater-item-170494c elementor-inline-item\"><em><span class=\"elementor-icon-list-text elementor-post-info__item elementor-post-info__item--type-custom\">#<a href=\"https:\/\/primermomento.com\/?p=473295\" rel=\"tag\">eeuu<\/a>\u00a0#<a href=\"https:\/\/primermomento.com\/?p=473295\" rel=\"tag\">Portaaviones<\/a><\/span><\/em><\/li>\n<\/ul>\n<\/div>\n<\/div>\n","protected":false},"excerpt":{"rendered":"<p>Por Prensa Latina Teher\u00e1n, IR\u00c1N.- La Guardia Revolucionaria de Ir\u00e1n afirm\u00f3 hoy haber atacado con misiles bal\u00edsticos un portaaviones y un destructor estadounidenses que, seg\u00fan Teher\u00e1n, participaban en el bloqueo mar\u00edtimo contra embarcaciones iran\u00edes. En un comunicado, la Fuerza Aeroespacial de la Guardia Revolucionaria asegur\u00f3 que los proyectiles alcanzaron a los dos buques y los [&hellip;]<\/p>\n","protected":false},"author":1,"featured_media":473296,"comment_status":"open","ping_status":"open","sticky":false,"template":"","format":"standard","meta":{"_bbp_topic_count":0,"_bbp_reply_count":0,"_bbp_total_topic_count":0,"_bbp_total_reply_count":0,"_bbp_voice_count":0,"_bbp_anonymous_reply_count":0,"_bbp_topic_count_hidden":0,"_bbp_reply_count_hidden":0,"_bbp_forum_subforum_count":0,"footnotes":""},"categories":[30],"tags":[],"class_list":["post-473295","post","type-post","status-publish","format-standard","has-post-thumbnail","category-actualidad"],"_links":{"self":[{"href":"https:\/\/primermomento.com\/index.php?rest_route=\/wp\/v2\/posts\/473295","targetHints":{"allow":["GET"]}}],"collection":[{"href":"https:\/\/primermomento.com\/index.php?rest_route=\/wp\/v2\/posts"}],"about":[{"href":"https:\/\/primermomento.com\/index.php?rest_route=\/wp\/v2\/types\/post"}],"author":[{"embeddable":true,"href":"https:\/\/primermomento.com\/index.php?rest_route=\/wp\/v2\/users\/1"}],"replies":[{"embeddable":true,"href":"https:\/\/primermomento.com\/index.php?rest_route=%2Fwp%2Fv2%2Fcomments&post=473295"}],"version-history":[{"count":1,"href":"https:\/\/primermomento.com\/index.php?rest_route=\/wp\/v2\/posts\/473295\/revisions"}],"predecessor-version":[{"id":473297,"href":"https:\/\/primermomento.com\/index.php?rest_route=\/wp\/v2\/posts\/473295\/revisions\/473297"}],"wp:featuredmedia":[{"embeddable":true,"href":"https:\/\/primermomento.com\/index.php?rest_route=\/wp\/v2\/media\/473296"}],"wp:attachment":[{"href":"https:\/\/primermomento.com\/index.php?rest_route=%2Fwp%2Fv2%2Fmedia&parent=473295"}],"wp:term":[{"taxonomy":"category","embeddable":true,"href":"https:\/\/primermomento.com\/index.php?rest_route=%2Fwp%2Fv2%2Fcategories&post=473295"},{"taxonomy":"post_tag","embeddable":true,"href":"https:\/\/primermomento.com\/index.php?rest_route=%2Fwp%2Fv2%2Ftags&post=473295"}],"curies":[{"name":"wp","href":"https:\/\/api.w.org\/{rel}","templated":true}]}}