{"id":473307,"date":"2026-09-06T15:26:45","date_gmt":"2026-09-06T19:26:45","guid":{"rendered":"https:\/\/primermomento.com\/?p=473307"},"modified":"2026-09-06T15:26:45","modified_gmt":"2026-09-06T19:26:45","slug":"alertan-sobre-alta-criminalidad-en-provincia-dominicana-monte-plata","status":"publish","type":"post","link":"https:\/\/primermomento.com\/?p=473307","title":{"rendered":"Alertan sobre alta criminalidad en provincia dominicana Monte Plata"},"content":{"rendered":"<p><strong><em>Por<span style=\"color: #ff0000;\"> Prensa Latina<\/span><\/em><\/strong><\/p>\n<p>SANTO DOMINGO, Rep\u00fablica Dominicana.- El presidente del Movimiento Rebelde (MR), Juan Hubieres, denunci\u00f3 hoy que la provincia dominicana de Monte Plata registra una tasa de 11,39 homicidios por cada 100 mil habitantes, superior al promedio nacional de 7,41.<\/p>\n<div class=\"elementor-element elementor-element-0aea3a0 elementor-widget elementor-widget-theme-post-content\" data-id=\"0aea3a0\" data-element_type=\"widget\" data-e-type=\"widget\" data-widget_type=\"theme-post-content.default\">\n<div class=\"elementor-widget-container\">\n<p>Hubieres demand\u00f3 declarar en estado de emergencia esa demarcaci\u00f3n, ubicada en la regi\u00f3n noreste del pa\u00eds, al norte de Santo Domingo, durante una rueda de prensa en la sede de MR, a la que asistieron adem\u00e1s m\u00e1s de un centenar de miembros de la organizaci\u00f3n pol\u00edtica.<\/p>\n<p>El tambi\u00e9n presidente de la Federaci\u00f3n Nacional de Transporte La Nueva Opci\u00f3n (Fenatrano) afirm\u00f3 que la situaci\u00f3n convierte a Monte Plata en una provincia insegura para sus habitantes y visitantes.<\/p>\n<p>Sostuvo que el municipio de Bayaguana ha sido afectado en los \u00faltimos meses por una ola de cr\u00edmenes, hurto de ganado, atracos y asesinatos, hechos que, afirm\u00f3, no reciben hasta hoy respuesta de las autoridades.<\/p>\n<p>Se\u00f1al\u00f3 que la criminalidad afecta de manera directa a la poblaci\u00f3n trabajadora, pac\u00edfica y productiva, cuyos esfuerzos se ven vulnerados ante el incremento de la inseguridad y la falta de sanciones a los responsables de los hechos delictivos.<\/p>\n<p>El dirigente pol\u00edtico y sindical asegur\u00f3 que la creciente criminalidad en Monte Plata, Bayaguana, Yamas\u00e1 y Sabana Grande de Boy\u00e1 afecta actividades como el comercio y el ecoturismo, adem\u00e1s de que obliga a miles de familias a permanecer encerradas por temor a ser v\u00edctimas de hechos violentos.<\/p>\n<p>El exdiputado de Monte Plata sostuvo que la provincia enfrenta una din\u00e1mica delictiva particular, marcada por la dispersi\u00f3n geogr\u00e1fica, el robo de ganado, el microtr\u00e1fico de sustancias controladas en zonas urbanas y rurales y una reducida capacidad de respuesta policial por falta de equipamiento y personal calificado.<\/p>\n<p>Por tal raz\u00f3n, consider\u00f3 urgente crear programas focalizados de capacitaci\u00f3n t\u00e9cnica en sectores de Yamas\u00e1, Monte Plata, Bayaguana, Sabana Grande de Boy\u00e1 y Peralvillo, con el fin de contrarrestar el reclutamiento de j\u00f3venes por el microtr\u00e1fico y otros agentes delictivos.<\/p>\n<p>El l\u00edder del Movimiento Rebelde calific\u00f3 de alarmantes los indicadores estad\u00edsticos de seguridad ciudadana en el territorio y reiter\u00f3 que demandan una intervenci\u00f3n masiva de las autoridades competentes.<\/p>\n<p>En ese sentido, solicit\u00f3 una mesa de trabajo comunitaria, una estrategia integral de seguridad, patrullaje inteligente por cuadrantes en las zonas rurales y urbanas, un centro de control regional y un aumento de la vigilancia policial.<\/p>\n<p>Un hecho reciente que ilustra la preocupaci\u00f3n por la inseguridad en Bayaguana fue el robo, el pasado 30 de agosto, de 35 televisores almacenados en el Complejo Deportivo del municipio.<\/p>\n<p>Los equipos hab\u00edan sido donados para reconocer el domingo \u00faltimo a atletas y entrenadores locales que obtuvieron medallas en los Juegos Centroamericanos y del Caribe Santo Domingo 2026.<\/p>\n<\/div>\n<\/div>\n<div class=\"elementor-element elementor-element-4f75016 elementor-widget elementor-widget-post-info\" data-id=\"4f75016\" data-element_type=\"widget\" data-e-type=\"widget\" data-widget_type=\"post-info.default\">\n<div class=\"elementor-widget-container\">\n<ul class=\"elementor-inline-items elementor-icon-list-items elementor-post-info\">\n<li class=\"elementor-icon-list-item elementor-repeater-item-17dda3e elementor-inline-item\"><span class=\"elementor-icon-list-text elementor-post-info__item elementor-post-info__item--type-custom\">#<em><a href=\"https:\/\/primermomento.com\/?p=473307\" rel=\"tag\">criminalidad<\/a><\/em><\/span><\/li>\n<\/ul>\n<\/div>\n<\/div>\n","protected":false},"excerpt":{"rendered":"<p>Por Prensa Latina SANTO DOMINGO, Rep\u00fablica Dominicana.- El presidente del Movimiento Rebelde (MR), Juan Hubieres, denunci\u00f3 hoy que la provincia dominicana de Monte Plata registra una tasa de 11,39 homicidios por cada 100 mil habitantes, superior al promedio nacional de 7,41. Hubieres demand\u00f3 declarar en estado de emergencia esa demarcaci\u00f3n, ubicada en la regi\u00f3n noreste [&hellip;]<\/p>\n","protected":false},"author":1,"featured_media":454275,"comment_status":"open","ping_status":"open","sticky":false,"template":"","format":"standard","meta":{"_bbp_topic_count":0,"_bbp_reply_count":0,"_bbp_total_topic_count":0,"_bbp_total_reply_count":0,"_bbp_voice_count":0,"_bbp_anonymous_reply_count":0,"_bbp_topic_count_hidden":0,"_bbp_reply_count_hidden":0,"_bbp_forum_subforum_count":0,"footnotes":""},"categories":[30],"tags":[],"class_list":["post-473307","post","type-post","status-publish","format-standard","has-post-thumbnail","category-actualidad"],"_links":{"self":[{"href":"https:\/\/primermomento.com\/index.php?rest_route=\/wp\/v2\/posts\/473307","targetHints":{"allow":["GET"]}}],"collection":[{"href":"https:\/\/primermomento.com\/index.php?rest_route=\/wp\/v2\/posts"}],"about":[{"href":"https:\/\/primermomento.com\/index.php?rest_route=\/wp\/v2\/types\/post"}],"author":[{"embeddable":true,"href":"https:\/\/primermomento.com\/index.php?rest_route=\/wp\/v2\/users\/1"}],"replies":[{"embeddable":true,"href":"https:\/\/primermomento.com\/index.php?rest_route=%2Fwp%2Fv2%2Fcomments&post=473307"}],"version-history":[{"count":1,"href":"https:\/\/primermomento.com\/index.php?rest_route=\/wp\/v2\/posts\/473307\/revisions"}],"predecessor-version":[{"id":473308,"href":"https:\/\/primermomento.com\/index.php?rest_route=\/wp\/v2\/posts\/473307\/revisions\/473308"}],"wp:featuredmedia":[{"embeddable":true,"href":"https:\/\/primermomento.com\/index.php?rest_route=\/wp\/v2\/media\/454275"}],"wp:attachment":[{"href":"https:\/\/primermomento.com\/index.php?rest_route=%2Fwp%2Fv2%2Fmedia&parent=473307"}],"wp:term":[{"taxonomy":"category","embeddable":true,"href":"https:\/\/primermomento.com\/index.php?rest_route=%2Fwp%2Fv2%2Fcategories&post=473307"},{"taxonomy":"post_tag","embeddable":true,"href":"https:\/\/primermomento.com\/index.php?rest_route=%2Fwp%2Fv2%2Ftags&post=473307"}],"curies":[{"name":"wp","href":"https:\/\/api.w.org\/{rel}","templated":true}]}}